{"id":9821,"date":"2017-05-17T20:48:11","date_gmt":"2017-05-17T17:48:11","guid":{"rendered":"https:\/\/www.staging-2.hotelambient.ro\/1-junio-dia-internacional-de-la-infancia\/"},"modified":"2017-05-17T20:48:11","modified_gmt":"2017-05-17T17:48:11","slug":"1-junio-dia-internacional-de-la-infancia","status":"publish","type":"post","link":"https:\/\/www.staging-2.hotelambient.ro\/es\/1-junio-dia-internacional-de-la-infancia\/","title":{"rendered":"1 Junio, D\u00eda Internacional de la Infancia"},"content":{"rendered":"<p>En Ambient tenemos especial cari\u00f1o a todas las fiestas relacionadas con la familia, padres, madres y ni\u00f1os debido a la estrecha relaci\u00f3n de nuestra familia que ha permanecido unida a lo largo del tiempo y ha conseguido construir tantas experiencias maravillosas para todos los que han cruzado nuestro umbral.<\/p>\n<p>Nos sentimos afortunados de poder celebrar con ustedes el <a href=\"https:\/\/en.wikipedia.org\/wiki\/Children%27s_Day\"><strong>1 de Junio<\/strong><\/a>, una cosa tan especial como la infancia, que nos aporta siempre alegr\u00eda y frescura y les invitamos con esta ocasi\u00f3n a unir nuestras fuerzas para sorprender a los m\u00e1s peque\u00f1os.<\/p>\n<p>El Equipo Ambient y Brasov les esperara con muchas sorpresas especiales para todos los gustos. Nuestras c\u00f3modas habitaciones ser\u00e1n el c\u00e1lido refugio, en donde podr\u00e1n descansar despu\u00e9s de un d\u00eda lleno de travesuras y nuestro personal se dedicar\u00e1 por completo a satisfacerles todos los caprichos.<\/p>\n<p>Brasov se vestir\u00e1 de fiesta tambi\u00e9n y en el Dia de la Infancia, Piata Sfatului se convierte en el pa\u00eds de las maravillas. Sera un d\u00eda lleno de risas y canciones alegres, color y juego.<\/p>\n<p>Junto con los ni\u00f1os los padres tendremos la oportunidad de recordar nuestra ni\u00f1ez, muy diferente a la de ellos, pero igual de bella.<\/p>\n<p>La bella ciudad de los pies de Tampa ofrece a sus visitantes m\u00faltiples oportunidades para disfrutar de este d\u00eda tan especial.<\/p>\n<p>El Jard\u00edn Zool\u00f3gico de Brasov est\u00e1 situado en el barrio Noua, cerca de la salida de la ciudad hacia Predeal. A la entrada puede disfrutar de la Zoopasteleria, una peque\u00f1a pasteler\u00eda en donde se pueden saborear distintos ricos pasteles. En comparaci\u00f3n con otros jardines zool\u00f3gicos del pa\u00eds, este se diferencia por sus generosos espacios.<\/p>\n<p>Aqu\u00ed se pueden admirar leones, tigres o jaguar, b\u00faho polar, burro, cisnes blancos y negros, serpientes, tortugas, osos, diferentes reptiles y otros.<\/p>\n<p>El Dia de la Infancia, llamada tambi\u00e9n el Dia Internacional del Ni\u00f1o es una fiesta que se celebra en varios pa\u00edses en fechas diferentes y fue mencionada por la primera vez en Ginebra en la Conferencia Mundial para la Protecci\u00f3n y el Bienestar de los Ni\u00f1os en el a\u00f1o 1925, en la cual, 54 representantes de diferentes pa\u00edses adoptaron la Declaraci\u00f3n para la Protecci\u00f3n de Ni\u00f1os. Tras esta conferencia, muchos pa\u00edses han introducido \u00b4\u00b4<a href=\"https:\/\/en.wikipedia.org\/wiki\/Children%27s_Day\"><strong>El Dia del Ni\u00f1o<\/strong><\/a>\u00b4\u00b4. En Turquia, el Dia del Ni\u00f1o fue celebrado por la primera vez en 23 de abril 1920.<\/p>\n<p>\u00a1Peque\u00f1os y grandes ser\u00e1n bienvenidos en Ambient para ser todos ni\u00f1os otra vez!<\/p>\n","protected":false},"excerpt":{"rendered":"<p>En Ambient tenemos especial cari\u00f1o a todas las fiestas relacionadas con la familia, padres, madres y ni\u00f1os debido a la estrecha relaci\u00f3n de nuestra familia que ha permanecido unida a lo largo del tiempo y ha conseguido construir tantas experiencias maravillosas para todos los que han cruzado nuestro umbral. Nos sentimos afortunados de poder celebrar con ustedes el 1 de Junio, una cosa tan especial como la infancia, que nos aporta siempre alegr\u00eda y frescura y les invitamos con esta ocasi\u00f3n a unir nuestras fuerzas para sorprender a los m\u00e1s peque\u00f1os. El Equipo Ambient y Brasov les esperara con muchas sorpresas especiales para todos los gustos. Nuestras c\u00f3modas habitaciones ser\u00e1n el c\u00e1lido refugio, en donde [&hellip;]<\/p>\n","protected":false},"author":2,"featured_media":12186,"comment_status":"closed","ping_status":"open","sticky":false,"template":"","format":"standard","meta":{"footnotes":""},"categories":[],"tags":[],"class_list":["post-9821","post","type-post","status-publish","format-standard","has-post-thumbnail","hentry"],"yoast_head":"<!-- This site is optimized with the Yoast SEO plugin v26.8 - https:\/\/yoast.com\/product\/yoast-seo-wordpress\/ -->\n<title>1 Junio, D\u00eda Internacional de la Infancia | Hotel Ambient Brasov - Cazare \u00een centrul ora\u0219ului<\/title>\n<meta name=\"robots\" content=\"noindex, follow, max-snippet:-1, max-image-preview:large, max-video-preview:-1\" \/>\n<meta property=\"og:locale\" content=\"es_ES\" \/>\n<meta property=\"og:type\" content=\"article\" \/>\n<meta property=\"og:title\" content=\"1 Junio, D\u00eda Internacional de la Infancia | Hotel Ambient Brasov - Cazare \u00een centrul ora\u0219ului\" \/>\n<meta property=\"og:description\" content=\"En Ambient tenemos especial cari\u00f1o a todas las fiestas relacionadas con la familia, padres, madres y ni\u00f1os debido a la estrecha relaci\u00f3n de nuestra familia que ha permanecido unida a lo largo del tiempo y ha conseguido construir tantas experiencias maravillosas para todos los que han cruzado nuestro umbral. Nos sentimos afortunados de poder celebrar con ustedes el 1 de Junio, una cosa tan especial como la infancia, que nos aporta siempre alegr\u00eda y frescura y les invitamos con esta ocasi\u00f3n a unir nuestras fuerzas para sorprender a los m\u00e1s peque\u00f1os. El Equipo Ambient y Brasov les esperara con muchas sorpresas especiales para todos los gustos. Nuestras c\u00f3modas habitaciones ser\u00e1n el c\u00e1lido refugio, en donde [&hellip;]\" \/>\n<meta property=\"og:url\" content=\"https:\/\/www.staging-2.hotelambient.ro\/es\/1-junio-dia-internacional-de-la-infancia\/\" \/>\n<meta property=\"og:site_name\" content=\"Hotel Ambient Brasov - Cazare \u00een centrul ora\u0219ului\" \/>\n<meta property=\"article:published_time\" content=\"2017-05-17T17:48:11+00:00\" \/>\n<meta name=\"author\" content=\"Diana\" \/>\n<meta name=\"twitter:card\" content=\"summary_large_image\" \/>\n<meta name=\"twitter:label1\" content=\"Escrito por\" \/>\n\t<meta name=\"twitter:data1\" content=\"Diana\" \/>\n\t<meta name=\"twitter:label2\" content=\"Tiempo de lectura\" \/>\n\t<meta name=\"twitter:data2\" content=\"2 minutos\" \/>\n<script type=\"application\/ld+json\" class=\"yoast-schema-graph\">{\"@context\":\"https:\/\/schema.org\",\"@graph\":[{\"@type\":\"Article\",\"@id\":\"https:\/\/www.staging-2.hotelambient.ro\/es\/1-junio-dia-internacional-de-la-infancia\/#article\",\"isPartOf\":{\"@id\":\"https:\/\/www.staging-2.hotelambient.ro\/es\/1-junio-dia-internacional-de-la-infancia\/\"},\"author\":{\"name\":\"Diana\",\"@id\":\"https:\/\/www.staging-2.hotelambient.ro\/es\/#\/schema\/person\/82b176bf9404e3dab523a2d92bb38db9\"},\"headline\":\"1 Junio, D\u00eda Internacional de la Infancia\",\"datePublished\":\"2017-05-17T17:48:11+00:00\",\"mainEntityOfPage\":{\"@id\":\"https:\/\/www.staging-2.hotelambient.ro\/es\/1-junio-dia-internacional-de-la-infancia\/\"},\"wordCount\":444,\"publisher\":{\"@id\":\"https:\/\/www.staging-2.hotelambient.ro\/es\/#organization\"},\"image\":{\"@id\":\"https:\/\/www.staging-2.hotelambient.ro\/es\/1-junio-dia-internacional-de-la-infancia\/#primaryimage\"},\"thumbnailUrl\":\"https:\/\/www.staging-2.hotelambient.ro\/wp-content\/uploads\/2017\/05\/1IunieAmbientHotelNews.png\",\"inLanguage\":\"es\"},{\"@type\":\"WebPage\",\"@id\":\"https:\/\/www.staging-2.hotelambient.ro\/es\/1-junio-dia-internacional-de-la-infancia\/\",\"url\":\"https:\/\/www.staging-2.hotelambient.ro\/es\/1-junio-dia-internacional-de-la-infancia\/\",\"name\":\"1 Junio, D\u00eda Internacional de la Infancia | Hotel Ambient Brasov - Cazare \u00een centrul ora\u0219ului\",\"isPartOf\":{\"@id\":\"https:\/\/www.staging-2.hotelambient.ro\/es\/#website\"},\"primaryImageOfPage\":{\"@id\":\"https:\/\/www.staging-2.hotelambient.ro\/es\/1-junio-dia-internacional-de-la-infancia\/#primaryimage\"},\"image\":{\"@id\":\"https:\/\/www.staging-2.hotelambient.ro\/es\/1-junio-dia-internacional-de-la-infancia\/#primaryimage\"},\"thumbnailUrl\":\"https:\/\/www.staging-2.hotelambient.ro\/wp-content\/uploads\/2017\/05\/1IunieAmbientHotelNews.png\",\"datePublished\":\"2017-05-17T17:48:11+00:00\",\"breadcrumb\":{\"@id\":\"https:\/\/www.staging-2.hotelambient.ro\/es\/1-junio-dia-internacional-de-la-infancia\/#breadcrumb\"},\"inLanguage\":\"es\",\"potentialAction\":[{\"@type\":\"ReadAction\",\"target\":[\"https:\/\/www.staging-2.hotelambient.ro\/es\/1-junio-dia-internacional-de-la-infancia\/\"]}]},{\"@type\":\"ImageObject\",\"inLanguage\":\"es\",\"@id\":\"https:\/\/www.staging-2.hotelambient.ro\/es\/1-junio-dia-internacional-de-la-infancia\/#primaryimage\",\"url\":\"https:\/\/www.staging-2.hotelambient.ro\/wp-content\/uploads\/2017\/05\/1IunieAmbientHotelNews.png\",\"contentUrl\":\"https:\/\/www.staging-2.hotelambient.ro\/wp-content\/uploads\/2017\/05\/1IunieAmbientHotelNews.png\",\"width\":644,\"height\":416},{\"@type\":\"BreadcrumbList\",\"@id\":\"https:\/\/www.staging-2.hotelambient.ro\/es\/1-junio-dia-internacional-de-la-infancia\/#breadcrumb\",\"itemListElement\":[{\"@type\":\"ListItem\",\"position\":1,\"name\":\"Home\",\"item\":\"https:\/\/www.staging-2.hotelambient.ro\/es\/\"},{\"@type\":\"ListItem\",\"position\":2,\"name\":\"1 Junio, D\u00eda Internacional de la Infancia\"}]},{\"@type\":\"WebSite\",\"@id\":\"https:\/\/www.staging-2.hotelambient.ro\/es\/#website\",\"url\":\"https:\/\/www.staging-2.hotelambient.ro\/es\/\",\"name\":\"Hotel Ambient Brasov - Cazare \u00een centrul ora\u0219ului\",\"description\":\"Hotel moderno y acogedor en el centro de Brasov con todas las comodidades que puedas necesitar durante tu estancia en la ciudad y unas de las mejores habitaciones\",\"publisher\":{\"@id\":\"https:\/\/www.staging-2.hotelambient.ro\/es\/#organization\"},\"potentialAction\":[{\"@type\":\"SearchAction\",\"target\":{\"@type\":\"EntryPoint\",\"urlTemplate\":\"https:\/\/www.staging-2.hotelambient.ro\/es\/?s={search_term_string}\"},\"query-input\":{\"@type\":\"PropertyValueSpecification\",\"valueRequired\":true,\"valueName\":\"search_term_string\"}}],\"inLanguage\":\"es\"},{\"@type\":\"Organization\",\"@id\":\"https:\/\/www.staging-2.hotelambient.ro\/es\/#organization\",\"name\":\"Ambient Hotels\",\"url\":\"https:\/\/www.staging-2.hotelambient.ro\/es\/\",\"logo\":{\"@type\":\"ImageObject\",\"inLanguage\":\"es\",\"@id\":\"https:\/\/www.staging-2.hotelambient.ro\/es\/#\/schema\/logo\/image\/\",\"url\":\"https:\/\/www.staging-2.hotelambient.ro\/wp-content\/uploads\/2016\/07\/Logo001-copia-2.png\",\"contentUrl\":\"https:\/\/www.staging-2.hotelambient.ro\/wp-content\/uploads\/2016\/07\/Logo001-copia-2.png\",\"width\":300,\"height\":114,\"caption\":\"Ambient Hotels\"},\"image\":{\"@id\":\"https:\/\/www.staging-2.hotelambient.ro\/es\/#\/schema\/logo\/image\/\"}},{\"@type\":\"Person\",\"@id\":\"https:\/\/www.staging-2.hotelambient.ro\/es\/#\/schema\/person\/82b176bf9404e3dab523a2d92bb38db9\",\"name\":\"Diana\",\"url\":\"https:\/\/www.staging-2.hotelambient.ro\/es\/author\/hotelambientd\/\"}]}<\/script>\n<!-- \/ Yoast SEO plugin. -->","yoast_head_json":{"title":"1 Junio, D\u00eda Internacional de la Infancia | Hotel Ambient Brasov - Cazare \u00een centrul ora\u0219ului","robots":{"index":"noindex","follow":"follow","max-snippet":"max-snippet:-1","max-image-preview":"max-image-preview:large","max-video-preview":"max-video-preview:-1"},"og_locale":"es_ES","og_type":"article","og_title":"1 Junio, D\u00eda Internacional de la Infancia | Hotel Ambient Brasov - Cazare \u00een centrul ora\u0219ului","og_description":"En Ambient tenemos especial cari\u00f1o a todas las fiestas relacionadas con la familia, padres, madres y ni\u00f1os debido a la estrecha relaci\u00f3n de nuestra familia que ha permanecido unida a lo largo del tiempo y ha conseguido construir tantas experiencias maravillosas para todos los que han cruzado nuestro umbral. Nos sentimos afortunados de poder celebrar con ustedes el 1 de Junio, una cosa tan especial como la infancia, que nos aporta siempre alegr\u00eda y frescura y les invitamos con esta ocasi\u00f3n a unir nuestras fuerzas para sorprender a los m\u00e1s peque\u00f1os. El Equipo Ambient y Brasov les esperara con muchas sorpresas especiales para todos los gustos. Nuestras c\u00f3modas habitaciones ser\u00e1n el c\u00e1lido refugio, en donde [&hellip;]","og_url":"https:\/\/www.staging-2.hotelambient.ro\/es\/1-junio-dia-internacional-de-la-infancia\/","og_site_name":"Hotel Ambient Brasov - Cazare \u00een centrul ora\u0219ului","article_published_time":"2017-05-17T17:48:11+00:00","author":"Diana","twitter_card":"summary_large_image","twitter_misc":{"Escrito por":"Diana","Tiempo de lectura":"2 minutos"},"schema":{"@context":"https:\/\/schema.org","@graph":[{"@type":"Article","@id":"https:\/\/www.staging-2.hotelambient.ro\/es\/1-junio-dia-internacional-de-la-infancia\/#article","isPartOf":{"@id":"https:\/\/www.staging-2.hotelambient.ro\/es\/1-junio-dia-internacional-de-la-infancia\/"},"author":{"name":"Diana","@id":"https:\/\/www.staging-2.hotelambient.ro\/es\/#\/schema\/person\/82b176bf9404e3dab523a2d92bb38db9"},"headline":"1 Junio, D\u00eda Internacional de la Infancia","datePublished":"2017-05-17T17:48:11+00:00","mainEntityOfPage":{"@id":"https:\/\/www.staging-2.hotelambient.ro\/es\/1-junio-dia-internacional-de-la-infancia\/"},"wordCount":444,"publisher":{"@id":"https:\/\/www.staging-2.hotelambient.ro\/es\/#organization"},"image":{"@id":"https:\/\/www.staging-2.hotelambient.ro\/es\/1-junio-dia-internacional-de-la-infancia\/#primaryimage"},"thumbnailUrl":"https:\/\/www.staging-2.hotelambient.ro\/wp-content\/uploads\/2017\/05\/1IunieAmbientHotelNews.png","inLanguage":"es"},{"@type":"WebPage","@id":"https:\/\/www.staging-2.hotelambient.ro\/es\/1-junio-dia-internacional-de-la-infancia\/","url":"https:\/\/www.staging-2.hotelambient.ro\/es\/1-junio-dia-internacional-de-la-infancia\/","name":"1 Junio, D\u00eda Internacional de la Infancia | Hotel Ambient Brasov - Cazare \u00een centrul ora\u0219ului","isPartOf":{"@id":"https:\/\/www.staging-2.hotelambient.ro\/es\/#website"},"primaryImageOfPage":{"@id":"https:\/\/www.staging-2.hotelambient.ro\/es\/1-junio-dia-internacional-de-la-infancia\/#primaryimage"},"image":{"@id":"https:\/\/www.staging-2.hotelambient.ro\/es\/1-junio-dia-internacional-de-la-infancia\/#primaryimage"},"thumbnailUrl":"https:\/\/www.staging-2.hotelambient.ro\/wp-content\/uploads\/2017\/05\/1IunieAmbientHotelNews.png","datePublished":"2017-05-17T17:48:11+00:00","breadcrumb":{"@id":"https:\/\/www.staging-2.hotelambient.ro\/es\/1-junio-dia-internacional-de-la-infancia\/#breadcrumb"},"inLanguage":"es","potentialAction":[{"@type":"ReadAction","target":["https:\/\/www.staging-2.hotelambient.ro\/es\/1-junio-dia-internacional-de-la-infancia\/"]}]},{"@type":"ImageObject","inLanguage":"es","@id":"https:\/\/www.staging-2.hotelambient.ro\/es\/1-junio-dia-internacional-de-la-infancia\/#primaryimage","url":"https:\/\/www.staging-2.hotelambient.ro\/wp-content\/uploads\/2017\/05\/1IunieAmbientHotelNews.png","contentUrl":"https:\/\/www.staging-2.hotelambient.ro\/wp-content\/uploads\/2017\/05\/1IunieAmbientHotelNews.png","width":644,"height":416},{"@type":"BreadcrumbList","@id":"https:\/\/www.staging-2.hotelambient.ro\/es\/1-junio-dia-internacional-de-la-infancia\/#breadcrumb","itemListElement":[{"@type":"ListItem","position":1,"name":"Home","item":"https:\/\/www.staging-2.hotelambient.ro\/es\/"},{"@type":"ListItem","position":2,"name":"1 Junio, D\u00eda Internacional de la Infancia"}]},{"@type":"WebSite","@id":"https:\/\/www.staging-2.hotelambient.ro\/es\/#website","url":"https:\/\/www.staging-2.hotelambient.ro\/es\/","name":"Hotel Ambient Brasov - Cazare \u00een centrul ora\u0219ului","description":"Hotel moderno y acogedor en el centro de Brasov con todas las comodidades que puedas necesitar durante tu estancia en la ciudad y unas de las mejores habitaciones","publisher":{"@id":"https:\/\/www.staging-2.hotelambient.ro\/es\/#organization"},"potentialAction":[{"@type":"SearchAction","target":{"@type":"EntryPoint","urlTemplate":"https:\/\/www.staging-2.hotelambient.ro\/es\/?s={search_term_string}"},"query-input":{"@type":"PropertyValueSpecification","valueRequired":true,"valueName":"search_term_string"}}],"inLanguage":"es"},{"@type":"Organization","@id":"https:\/\/www.staging-2.hotelambient.ro\/es\/#organization","name":"Ambient Hotels","url":"https:\/\/www.staging-2.hotelambient.ro\/es\/","logo":{"@type":"ImageObject","inLanguage":"es","@id":"https:\/\/www.staging-2.hotelambient.ro\/es\/#\/schema\/logo\/image\/","url":"https:\/\/www.staging-2.hotelambient.ro\/wp-content\/uploads\/2016\/07\/Logo001-copia-2.png","contentUrl":"https:\/\/www.staging-2.hotelambient.ro\/wp-content\/uploads\/2016\/07\/Logo001-copia-2.png","width":300,"height":114,"caption":"Ambient Hotels"},"image":{"@id":"https:\/\/www.staging-2.hotelambient.ro\/es\/#\/schema\/logo\/image\/"}},{"@type":"Person","@id":"https:\/\/www.staging-2.hotelambient.ro\/es\/#\/schema\/person\/82b176bf9404e3dab523a2d92bb38db9","name":"Diana","url":"https:\/\/www.staging-2.hotelambient.ro\/es\/author\/hotelambientd\/"}]}},"_links":{"self":[{"href":"https:\/\/www.staging-2.hotelambient.ro\/es\/wp-json\/wp\/v2\/posts\/9821","targetHints":{"allow":["GET"]}}],"collection":[{"href":"https:\/\/www.staging-2.hotelambient.ro\/es\/wp-json\/wp\/v2\/posts"}],"about":[{"href":"https:\/\/www.staging-2.hotelambient.ro\/es\/wp-json\/wp\/v2\/types\/post"}],"author":[{"embeddable":true,"href":"https:\/\/www.staging-2.hotelambient.ro\/es\/wp-json\/wp\/v2\/users\/2"}],"replies":[{"embeddable":true,"href":"https:\/\/www.staging-2.hotelambient.ro\/es\/wp-json\/wp\/v2\/comments?post=9821"}],"version-history":[{"count":0,"href":"https:\/\/www.staging-2.hotelambient.ro\/es\/wp-json\/wp\/v2\/posts\/9821\/revisions"}],"wp:featuredmedia":[{"embeddable":true,"href":"https:\/\/www.staging-2.hotelambient.ro\/es\/wp-json\/wp\/v2\/media\/12186"}],"wp:attachment":[{"href":"https:\/\/www.staging-2.hotelambient.ro\/es\/wp-json\/wp\/v2\/media?parent=9821"}],"wp:term":[{"taxonomy":"category","embeddable":true,"href":"https:\/\/www.staging-2.hotelambient.ro\/es\/wp-json\/wp\/v2\/categories?post=9821"},{"taxonomy":"post_tag","embeddable":true,"href":"https:\/\/www.staging-2.hotelambient.ro\/es\/wp-json\/wp\/v2\/tags?post=9821"}],"curies":[{"name":"wp","href":"https:\/\/api.w.org\/{rel}","templated":true}]}}